{"id":991834,"date":"2023-12-07T19:58:00","date_gmt":"2023-12-07T18:58:00","guid":{"rendered":"https:\/\/rotim.hr\/?p=991834"},"modified":"2023-12-04T12:42:47","modified_gmt":"2023-12-04T11:42:47","slug":"dr-med-karolina-bolanca-culo-fachaerztin-fuer-radiologie-und-subspezialistin-fuer-ultraschall","status":"publish","type":"post","link":"https:\/\/rotim.hr\/de\/2023\/12\/07\/dr-med-karolina-bolanca-culo-fachaerztin-fuer-radiologie-und-subspezialistin-fuer-ultraschall\/","title":{"rendered":"Dr. med. Karolina Bolanca Culo, Fach\u00e4rztin f\u00fcr Radiologie und Subspezialistin f\u00fcr Ultraschall"},"content":{"rendered":"<div class=\"vgblk-rw-wrapper limit-wrapper\">\n<p>Dr. med. Karolina Bolanca Culo studierte nach dem klassischen Gymnasium an der Medizinischen Fakult\u00e4t in Zagreb. Nach dem Studium absolvierte sie ihr Praktikum, die Facharztausbildung in Radiologie und die Subspezialisierung in Ultraschall in der Tumorklinik der Abteilung f\u00fcr onkologische Radiologie am Institut f\u00fcr diagnostische und interventionelle Radiologie des Klinischen Krankenhauszentrums Sestre Milosrdnice, wo sie bis heute t\u00e4tig ist.<\/p>\n\n\n\n<p>Ihr besonderes Interesse gilt der onkologischen Diagnostik, insbesondere von Brustkrebs, Rektumkarzinom, gyn\u00e4kologischen Tumoren und Prostatakrebs. Sie arbeitet in multidisziplin\u00e4ren Teams f\u00fcr Brust- und Enddarmkrebs.<\/p>\n\n\n\n<p>Sie ist Autorin zahlreicher wissenschaftlicher Arbeiten auf dem Gebiet der onkologischen Radiologie und h\u00e4lt regelm\u00e4\u00dfig Vortr\u00e4ge auf Konferenzen \u00fcber chirurgische Onkologie.<\/p>\n\n\n\n<p>Sie ist Mitglied der European Society of Breast Imaging, der Kroatischen Radiologischen Gesellschaft und der European Society of Radiology.<\/p>\n<\/div><!-- .vgblk-rw-wrapper -->","protected":false},"excerpt":{"rendered":"<p>Dr. med. Karolina Bolanca Culo studierte nach dem klassischen Gymnasium an der Medizinischen Fakult\u00e4t in Zagreb. Nach dem Studium absolvierte sie ihr Praktikum, die Facharztausbildung in Radiologie und die Subspezialisierung in Ultraschall in der Tumorklinik der Abteilung f\u00fcr onkologische Radiologie am Institut f\u00fcr diagnostische und interventionelle Radiologie des Klinischen Krankenhauszentrums Sestre Milosrdnice, wo sie bis&#8230;<\/p>\n","protected":false},"author":4,"featured_media":990354,"comment_status":"closed","ping_status":"open","sticky":false,"template":"","format":"standard","meta":{"footnotes":""},"categories":[105,83],"tags":[],"class_list":["post-991834","post","type-post","status-publish","format-standard","has-post-thumbnail","hentry","category-radiologie","category-unser-team"],"_links":{"self":[{"href":"https:\/\/rotim.hr\/de\/wp-json\/wp\/v2\/posts\/991834","targetHints":{"allow":["GET"]}}],"collection":[{"href":"https:\/\/rotim.hr\/de\/wp-json\/wp\/v2\/posts"}],"about":[{"href":"https:\/\/rotim.hr\/de\/wp-json\/wp\/v2\/types\/post"}],"author":[{"embeddable":true,"href":"https:\/\/rotim.hr\/de\/wp-json\/wp\/v2\/users\/4"}],"replies":[{"embeddable":true,"href":"https:\/\/rotim.hr\/de\/wp-json\/wp\/v2\/comments?post=991834"}],"version-history":[{"count":0,"href":"https:\/\/rotim.hr\/de\/wp-json\/wp\/v2\/posts\/991834\/revisions"}],"wp:featuredmedia":[{"embeddable":true,"href":"https:\/\/rotim.hr\/de\/wp-json\/wp\/v2\/media\/990354"}],"wp:attachment":[{"href":"https:\/\/rotim.hr\/de\/wp-json\/wp\/v2\/media?parent=991834"}],"wp:term":[{"taxonomy":"category","embeddable":true,"href":"https:\/\/rotim.hr\/de\/wp-json\/wp\/v2\/categories?post=991834"},{"taxonomy":"post_tag","embeddable":true,"href":"https:\/\/rotim.hr\/de\/wp-json\/wp\/v2\/tags?post=991834"}],"curies":[{"name":"wp","href":"https:\/\/api.w.org\/{rel}","templated":true}]}}