{"id":991878,"date":"2023-07-25T20:41:00","date_gmt":"2023-07-25T18:41:00","guid":{"rendered":"https:\/\/rotim.hr\/?p=991878"},"modified":"2023-12-04T14:27:38","modified_gmt":"2023-12-04T13:27:38","slug":"dr-med-zeljko-ivanec-facharzt-fuer-anaesthesiologie-reanimation-und-intensivmedizin","status":"publish","type":"post","link":"https:\/\/rotim.hr\/de\/2023\/07\/25\/dr-med-zeljko-ivanec-facharzt-fuer-anaesthesiologie-reanimation-und-intensivmedizin\/","title":{"rendered":"Dr. med. \u017deljko Ivanec, Facharzt f\u00fcr An\u00e4sthesiologie, Reanimation und Intensivmedizin"},"content":{"rendered":"<div class=\"vgblk-rw-wrapper limit-wrapper\">\n<p>Facharzt f\u00fcr An\u00e4sthesiologie, Reanimation und Intensivmedizin. Er schloss sein Studium an der Medizinischen Fakult\u00e4t der Universit\u00e4t Zagreb 1981 ab und spezialisierte sich 1993 auf An\u00e4sthesiologie, Reanimation und Intensivmedizin.<\/p>\n\n\n\n<p>Beruflicher Werdegang<\/p>\n\n\n\n<p>1993 absolvierte er einen Akupunkturkurs am Klinischen Krankenhauszentrum der Barmherzigen Schwestern in Zagreb.<\/p>\n\n\n\n<p>Von 2010 bis 2017 war er Dozent bei Postgraduiertenkursen in den Bereichen Schmerz, Gyn\u00e4kologie und HNO.<\/p>\n\n\n\n<p>2005, Dubrovnik: H\u00e4modynamische Ver\u00e4nderungen bei Patienten nach Karotisendarteriektomie in Regionalan\u00e4sthesie, An\u00e4sthesiekongress.<\/p>\n\n\n\n<p>2004, Zagreb: Zervikale Plexusblockade bei Karotisendarteriektomie, Euroanesthesia 2004, Lissabon.<\/p>\n\n\n\n<p>2004, Zagreb: An\u00e4sthesie bei ambulanten anorektalen Eingriffen, Kongress f\u00fcr Anorektalchirurgie.<\/p>\n\n\n\n<p>2004, Vara\u017edin: Pr\u00e4operative Beurteilung von chirurgischen Patienten, An\u00e4sthesie Kongress.<\/p>\n\n\n\n<p>2004, Vara\u017edin: Zervikale Plexusblockade bei Karotisendarteriektomie, An\u00e4sthesie-Kongress.<\/p>\n\n\n\n<p>2003, Dubrovnik: Regionalan\u00e4sthesie in der Karotischirurgie, An\u00e4sthesie-Kongress.<\/p>\n<\/div><!-- .vgblk-rw-wrapper -->","protected":false},"excerpt":{"rendered":"<p>Facharzt f\u00fcr An\u00e4sthesiologie, Reanimation und Intensivmedizin. Er schloss sein Studium an der Medizinischen Fakult\u00e4t der Universit\u00e4t Zagreb 1981 ab und spezialisierte sich 1993 auf An\u00e4sthesiologie, Reanimation und Intensivmedizin. Beruflicher Werdegang 1993 absolvierte er einen Akupunkturkurs am Klinischen Krankenhauszentrum der Barmherzigen Schwestern in Zagreb. Von 2010 bis 2017 war er Dozent bei Postgraduiertenkursen in den Bereichen&#8230;<\/p>\n","protected":false},"author":4,"featured_media":990279,"comment_status":"closed","ping_status":"open","sticky":false,"template":"","format":"standard","meta":{"footnotes":""},"categories":[102,83],"tags":[],"class_list":["post-991878","post","type-post","status-publish","format-standard","has-post-thumbnail","hentry","category-anaesthesie","category-unser-team"],"_links":{"self":[{"href":"https:\/\/rotim.hr\/de\/wp-json\/wp\/v2\/posts\/991878","targetHints":{"allow":["GET"]}}],"collection":[{"href":"https:\/\/rotim.hr\/de\/wp-json\/wp\/v2\/posts"}],"about":[{"href":"https:\/\/rotim.hr\/de\/wp-json\/wp\/v2\/types\/post"}],"author":[{"embeddable":true,"href":"https:\/\/rotim.hr\/de\/wp-json\/wp\/v2\/users\/4"}],"replies":[{"embeddable":true,"href":"https:\/\/rotim.hr\/de\/wp-json\/wp\/v2\/comments?post=991878"}],"version-history":[{"count":0,"href":"https:\/\/rotim.hr\/de\/wp-json\/wp\/v2\/posts\/991878\/revisions"}],"wp:featuredmedia":[{"embeddable":true,"href":"https:\/\/rotim.hr\/de\/wp-json\/wp\/v2\/media\/990279"}],"wp:attachment":[{"href":"https:\/\/rotim.hr\/de\/wp-json\/wp\/v2\/media?parent=991878"}],"wp:term":[{"taxonomy":"category","embeddable":true,"href":"https:\/\/rotim.hr\/de\/wp-json\/wp\/v2\/categories?post=991878"},{"taxonomy":"post_tag","embeddable":true,"href":"https:\/\/rotim.hr\/de\/wp-json\/wp\/v2\/tags?post=991878"}],"curies":[{"name":"wp","href":"https:\/\/api.w.org\/{rel}","templated":true}]}}