{"id":991927,"date":"2023-12-07T17:59:09","date_gmt":"2023-12-07T16:59:09","guid":{"rendered":"https:\/\/rotim.hr\/?p=991927"},"modified":"2023-12-04T15:16:22","modified_gmt":"2023-12-04T14:16:22","slug":"sara-barbaric-bacc-med-techn","status":"publish","type":"post","link":"https:\/\/rotim.hr\/de\/2023\/12\/07\/sara-barbaric-bacc-med-techn\/","title":{"rendered":"Sara Barbari\u0107, bacc. med. techn."},"content":{"rendered":"<div class=\"vgblk-rw-wrapper limit-wrapper\">\n<p>Krankenschwester in der Poliklinik Rotim<\/p>\n\n\n\n<p>Sara Barbari\u0107, B.Sc. hon. techn., wurde am 4. September 1998 in Soreng in der Schweiz geboren, wo sie gleichzeitig die Primarschule in Italienisch und Kroatisch besuchte. Nach ihrem Umzug nach Zagreb schrieb sie sich an der Krankenpflegeschule Mlinarska ein, die sie 2017 abschloss.<\/p>\n\n\n\n<p>Im selben Jahr schrieb sie sich f\u00fcr das Grundstudium an der Universit\u00e4t f\u00fcr Gesundheit in Zagreb ein, das sie 2020 mit einer Arbeit zum Thema &#8222;Gesundheitsversorgung von Patienten mit zerebralen Aneurysmen&#8220; abschloss. W\u00e4hrend ihres Studiums ging sie im Rahmen des ERASMUS+ Programms nach Portugal in die Einrichtung &#8222;Resisenior Gold&#8220; in Braga, wo sie ihre Kenntnisse im Bereich der Geriatrie und Gerontologie mit Schwerpunkt auf der Pflege von Alzheimer-Patienten vertiefte. Zu dieser Zeit begann sie sich f\u00fcr Neurologie und Neurochirurgie zu interessieren.<\/p>\n\n\n\n<p>W\u00e4hrend ihres Studiums arbeitete sie als Praktikantin im Neurospine Special Hospital und anschlie\u00dfend in der Poliklinik Rotim, um ihre Kenntnisse und F\u00e4higkeiten im Bereich der Gesundheitspflege zu erweitern. Nach Abschluss ihres Studiums wurde sie als festes Mitglied des Teams der Poliklinik Rotim eingestellt, wo sie bis heute als Krankenschwester t\u00e4tig ist.<\/p>\n\n\n\n<p>Neben Italienisch spricht sie auch Englisch und Deutsch und verbringt ihre Freizeit am liebsten mit Musik und Tanz.<\/p>\n\n\n\n<p><\/p>\n<\/div><!-- .vgblk-rw-wrapper -->","protected":false},"excerpt":{"rendered":"<p>Krankenschwester in der Poliklinik Rotim Sara Barbari\u0107, B.Sc. hon. techn., wurde am 4. September 1998 in Soreng in der Schweiz geboren, wo sie gleichzeitig die Primarschule in Italienisch und Kroatisch besuchte. Nach ihrem Umzug nach Zagreb schrieb sie sich an der Krankenpflegeschule Mlinarska ein, die sie 2017 abschloss. Im selben Jahr schrieb sie sich f\u00fcr&#8230;<\/p>\n","protected":false},"author":4,"featured_media":990306,"comment_status":"closed","ping_status":"open","sticky":false,"template":"","format":"standard","meta":{"footnotes":""},"categories":[109,83],"tags":[],"class_list":["post-991927","post","type-post","status-publish","format-standard","has-post-thumbnail","hentry","category-krankenschwestern","category-unser-team"],"_links":{"self":[{"href":"https:\/\/rotim.hr\/de\/wp-json\/wp\/v2\/posts\/991927","targetHints":{"allow":["GET"]}}],"collection":[{"href":"https:\/\/rotim.hr\/de\/wp-json\/wp\/v2\/posts"}],"about":[{"href":"https:\/\/rotim.hr\/de\/wp-json\/wp\/v2\/types\/post"}],"author":[{"embeddable":true,"href":"https:\/\/rotim.hr\/de\/wp-json\/wp\/v2\/users\/4"}],"replies":[{"embeddable":true,"href":"https:\/\/rotim.hr\/de\/wp-json\/wp\/v2\/comments?post=991927"}],"version-history":[{"count":0,"href":"https:\/\/rotim.hr\/de\/wp-json\/wp\/v2\/posts\/991927\/revisions"}],"wp:featuredmedia":[{"embeddable":true,"href":"https:\/\/rotim.hr\/de\/wp-json\/wp\/v2\/media\/990306"}],"wp:attachment":[{"href":"https:\/\/rotim.hr\/de\/wp-json\/wp\/v2\/media?parent=991927"}],"wp:term":[{"taxonomy":"category","embeddable":true,"href":"https:\/\/rotim.hr\/de\/wp-json\/wp\/v2\/categories?post=991927"},{"taxonomy":"post_tag","embeddable":true,"href":"https:\/\/rotim.hr\/de\/wp-json\/wp\/v2\/tags?post=991927"}],"curies":[{"name":"wp","href":"https:\/\/api.w.org\/{rel}","templated":true}]}}