{"id":993412,"date":"2023-12-07T17:56:00","date_gmt":"2023-12-07T16:56:00","guid":{"rendered":"https:\/\/rotim.hr\/?p=993412"},"modified":"2025-08-07T08:59:20","modified_gmt":"2025-08-07T06:59:20","slug":"lejla-bojkic-gesundheits-und-krankenpflegerin","status":"publish","type":"post","link":"https:\/\/rotim.hr\/de\/2023\/12\/07\/lejla-bojkic-gesundheits-und-krankenpflegerin\/","title":{"rendered":"Lejla Bojki\u0107, Gesundheits- und Krankenpflegerin"},"content":{"rendered":"<div class=\"vgblk-rw-wrapper limit-wrapper\">\n<p>Lejla Bojki\u0107 wurde am 6. Juli 1997 in Pula geboren. Sie schloss ihre schulische Ausbildung im Jahr 2017 ab und erwarb den Abschluss als examinierte Krankenschwester. Unmittelbar nach ihrem Abschluss begann sie ihre T\u00e4tigkeit im Gesundheitszentrum Labin, wo sie in den folgenden 8 Jahren umfangreiche Erfahrungen in verschiedenen Abteilungen sammelte \u2013 in der station\u00e4ren Pflege, im Rettungsdienst sowie in Hausarztteams.<\/p>\n\n\n\n<p>W\u00e4hrend ihrer bisherigen Karriere hat sie sich als fachkundige, gewissenhafte, flei\u00dfige und verantwortungsbewusste Pers\u00f6nlichkeit hervorgetan, die stets bereit ist, Patienten und Kollegen zu unterst\u00fctzen. Besonderen Wert legt sie auf Einf\u00fchlungsverm\u00f6gen und einen professionellen Arbeitsansatz.<\/p>\n\n\n\n<p>Sie ist offen f\u00fcr neue Herausforderungen, die ihre weitere Entwicklung f\u00f6rdern, damit sie auch weiterhin zur Qualit\u00e4t der Gesundheitsversorgung und zum Wohl der Gemeinschaft beitragen kann.<\/p>\n<\/div><!-- .vgblk-rw-wrapper -->","protected":false},"excerpt":{"rendered":"<p>Lejla Bojki\u0107 wurde am 6. Juli 1997 in Pula geboren. Sie schloss ihre schulische Ausbildung im Jahr 2017 ab und erwarb den Abschluss als examinierte Krankenschwester. Unmittelbar nach ihrem Abschluss begann sie ihre T\u00e4tigkeit im Gesundheitszentrum Labin, wo sie in den folgenden 8 Jahren umfangreiche Erfahrungen in verschiedenen Abteilungen sammelte \u2013 in der station\u00e4ren Pflege,&#8230;<\/p>\n","protected":false},"author":4,"featured_media":993407,"comment_status":"closed","ping_status":"open","sticky":false,"template":"","format":"standard","meta":{"footnotes":""},"categories":[109,83],"tags":[],"class_list":["post-993412","post","type-post","status-publish","format-standard","has-post-thumbnail","hentry","category-krankenschwestern","category-unser-team"],"_links":{"self":[{"href":"https:\/\/rotim.hr\/de\/wp-json\/wp\/v2\/posts\/993412","targetHints":{"allow":["GET"]}}],"collection":[{"href":"https:\/\/rotim.hr\/de\/wp-json\/wp\/v2\/posts"}],"about":[{"href":"https:\/\/rotim.hr\/de\/wp-json\/wp\/v2\/types\/post"}],"author":[{"embeddable":true,"href":"https:\/\/rotim.hr\/de\/wp-json\/wp\/v2\/users\/4"}],"replies":[{"embeddable":true,"href":"https:\/\/rotim.hr\/de\/wp-json\/wp\/v2\/comments?post=993412"}],"version-history":[{"count":1,"href":"https:\/\/rotim.hr\/de\/wp-json\/wp\/v2\/posts\/993412\/revisions"}],"predecessor-version":[{"id":993413,"href":"https:\/\/rotim.hr\/de\/wp-json\/wp\/v2\/posts\/993412\/revisions\/993413"}],"wp:featuredmedia":[{"embeddable":true,"href":"https:\/\/rotim.hr\/de\/wp-json\/wp\/v2\/media\/993407"}],"wp:attachment":[{"href":"https:\/\/rotim.hr\/de\/wp-json\/wp\/v2\/media?parent=993412"}],"wp:term":[{"taxonomy":"category","embeddable":true,"href":"https:\/\/rotim.hr\/de\/wp-json\/wp\/v2\/categories?post=993412"},{"taxonomy":"post_tag","embeddable":true,"href":"https:\/\/rotim.hr\/de\/wp-json\/wp\/v2\/tags?post=993412"}],"curies":[{"name":"wp","href":"https:\/\/api.w.org\/{rel}","templated":true}]}}