{"id":993805,"date":"2023-08-28T22:30:00","date_gmt":"2023-08-28T20:30:00","guid":{"rendered":"https:\/\/rotim.hr\/?p=993805"},"modified":"2025-11-10T13:09:42","modified_gmt":"2025-11-10T12:09:42","slug":"prof-prim-dean-girotto-md-phd-facharzt-fuer-neurochirurgie-und-vertebrologie","status":"publish","type":"post","link":"https:\/\/rotim.hr\/de\/2023\/08\/28\/prof-prim-dean-girotto-md-phd-facharzt-fuer-neurochirurgie-und-vertebrologie\/","title":{"rendered":"Prof. Prim. Dean Girotto, MD, PhD, Facharzt f\u00fcr Neurochirurgie und Vertebrologie"},"content":{"rendered":"<div class=\"vgblk-rw-wrapper limit-wrapper\">\n<p>Prof. Prim. Dean Girotto, MD, PhD, ist ein approbierter Arzt mit langj\u00e4hriger Erfahrung in den Bereichen Neurochirurgie und Vertebrologie. Er ist Leiter der Neurochirurgischen Klinik des Klinikzentrums Rijeka und zugleich Oberster Wissenschaftlicher Mitarbeiter und au\u00dferordentlicher Professor sowie stellvertretender Leiter der Abteilung f\u00fcr Neurochirurgie an der Medizinischen Fakult\u00e4t der Universit\u00e4t Rijeka.<\/p>\n\n\n\n<p>Zu den besonderen Interessensgebieten von Dr. Girotto geh\u00f6ren minimal-invasive chirurgische Eingriffe, rekonstruktive Wirbels\u00e4uleneingriffe und die Behandlung schmerzhafter Wirbels\u00e4ulensyndrome. Er bildet sich kontinuierlich im In- und Ausland fachlich weiter, mit Schwerpunkt auf Vertebrologie und Wirbels\u00e4ulenchirurgie.<\/p>\n\n\n\n<p>Er ist aktives Mitglied zahlreicher nationaler und internationaler Fachgesellschaften, darunter die Kroatische Neurochirurgische Gesellschaft, die Kroatische Gesellschaft f\u00fcr Wirbels\u00e4ulenchirurgie und die Neurochirurgische Gesellschaft S\u00fcdosteuropas. Zudem ist er Vorsitzender des \u00c4rzte- und Antidoping-Ausschusses des Kroatischen Ruderverbandes.<\/p>\n\n\n\n<p>Er ist Autor und Koautor zahlreicher wissenschaftlicher und Fachpublikationen und erhielt zweimal ein Studienstipendium der Gespanschaft Primorje-Gorski Kotar zur Weiterbildung im Bereich der Medizinwissenschaften.<\/p>\n<\/div><!-- .vgblk-rw-wrapper -->","protected":false},"excerpt":{"rendered":"<p>Prof. Prim. Dean Girotto, MD, PhD, ist ein approbierter Arzt mit langj\u00e4hriger Erfahrung in den Bereichen Neurochirurgie und Vertebrologie. Er ist Leiter der Neurochirurgischen Klinik des Klinikzentrums Rijeka und zugleich Oberster Wissenschaftlicher Mitarbeiter und au\u00dferordentlicher Professor sowie stellvertretender Leiter der Abteilung f\u00fcr Neurochirurgie an der Medizinischen Fakult\u00e4t der Universit\u00e4t Rijeka. Zu den besonderen Interessensgebieten von&#8230;<\/p>\n","protected":false},"author":4,"featured_media":993800,"comment_status":"closed","ping_status":"open","sticky":false,"template":"","format":"standard","meta":{"footnotes":""},"categories":[88,83],"tags":[],"class_list":["post-993805","post","type-post","status-publish","format-standard","has-post-thumbnail","hentry","category-neurochirurgie","category-unser-team"],"_links":{"self":[{"href":"https:\/\/rotim.hr\/de\/wp-json\/wp\/v2\/posts\/993805","targetHints":{"allow":["GET"]}}],"collection":[{"href":"https:\/\/rotim.hr\/de\/wp-json\/wp\/v2\/posts"}],"about":[{"href":"https:\/\/rotim.hr\/de\/wp-json\/wp\/v2\/types\/post"}],"author":[{"embeddable":true,"href":"https:\/\/rotim.hr\/de\/wp-json\/wp\/v2\/users\/4"}],"replies":[{"embeddable":true,"href":"https:\/\/rotim.hr\/de\/wp-json\/wp\/v2\/comments?post=993805"}],"version-history":[{"count":2,"href":"https:\/\/rotim.hr\/de\/wp-json\/wp\/v2\/posts\/993805\/revisions"}],"predecessor-version":[{"id":993816,"href":"https:\/\/rotim.hr\/de\/wp-json\/wp\/v2\/posts\/993805\/revisions\/993816"}],"wp:featuredmedia":[{"embeddable":true,"href":"https:\/\/rotim.hr\/de\/wp-json\/wp\/v2\/media\/993800"}],"wp:attachment":[{"href":"https:\/\/rotim.hr\/de\/wp-json\/wp\/v2\/media?parent=993805"}],"wp:term":[{"taxonomy":"category","embeddable":true,"href":"https:\/\/rotim.hr\/de\/wp-json\/wp\/v2\/categories?post=993805"},{"taxonomy":"post_tag","embeddable":true,"href":"https:\/\/rotim.hr\/de\/wp-json\/wp\/v2\/tags?post=993805"}],"curies":[{"name":"wp","href":"https:\/\/api.w.org\/{rel}","templated":true}]}}