{"id":991089,"date":"2023-08-31T21:48:00","date_gmt":"2023-08-31T19:48:00","guid":{"rendered":"https:\/\/rotim.hr\/2023\/08\/31\/cecilija-rotim-mag-med-techn\/"},"modified":"2025-05-08T11:25:03","modified_gmt":"2025-05-08T09:25:03","slug":"cecilija-rotim-mag-med-techn","status":"publish","type":"post","link":"https:\/\/rotim.hr\/it\/2023\/08\/31\/cecilija-rotim-mag-med-techn\/","title":{"rendered":"doc. dr. sc. Cecilija Rotim"},"content":{"rendered":"<div class=\"vgblk-rw-wrapper limit-wrapper\">\n<p>Ha completato la scuola superiore a Sebenico nel 2005 e poi ha completato con successo il regolare programma di infermieristica presso l&#8217;Universit\u00e0 della Salute di Zagabria. Nel 2013 si \u00e8 iscritta al corso di laurea in infermieristica presso la Facolt\u00e0 di Medicina di Zagabria, dove ha ricevuto il premio del decano per il miglior rendimento accademico dell&#8217;anno. Ha inoltre completato con successo la formazione pedagogico-psicologica presso la Facolt\u00e0 di formazione per insegnanti di Zagabria (2009) e il programma di gestione sanitaria presso la Expert Business School di Zagabria (2015). Ha completato gli studi di dottorato post-laurea in biomedicina e salute presso la Facolt\u00e0 di Medicina dell&#8217;Universit\u00e0 di Zagabria.<\/p>\n\n\n\n<p>\u00c8 autrice e coautrice di numerosi articoli professionali e scientifici e di cinque libri professionali di infermieristica e medicina. \u00c8 membro del comitato editoriale della newsletter informativa della Camera croata degli infermieri medici &#8220;Blue Focus&#8221; e redattore capo della rivista online &#8220;SHOCK&#8221; pubblicata dalla Societ\u00e0 croata degli infermieri di anestesia, rianimazione, terapia intensiva e trasfusione.<\/p>\n\n\n\n<p>\u00c8 docente senior presso la Facolt\u00e0 di Medicina dentale e Studi sanitari dell&#8217;Universit\u00e0 Josip Juraj Strossmayer di Osijek e presso l&#8217;Universit\u00e0 della Salute di Zagabria.<\/p>\n\n\n\n<p>Dal mese di ottobre 2016 al 2025, ha ricoperto la carica di presidente del ramo della Camera Croata delle Infermiere della Citt\u00e0 di Zagabria, e nel 2017 \u00e8 stata nominata Capo Infermiera Croata presso il Ministero della Salute.<\/p>\n\n\n\n<p>Ha maturato la sua esperienza lavorativa presso l&#8217;Unit\u00e0 Ustioni e l&#8217;Unit\u00e0 di Terapia Intensiva della Clinica di Traumatologia e presso l&#8217;Ufficio per l&#8217;Assicurazione e il Miglioramento della Qualit\u00e0 dell&#8217;Assistenza Sanitaria dell&#8217;Ospedale Clinico di Sestre milosrdnice, in qualit\u00e0 di coordinatore senior per la formazione infermieristica. Nel 2018 \u00e8 stata assunta presso l&#8217;Istituto di insegnamento della sanit\u00e0 pubblica &#8220;Dr. Andrija \u0160tampar&#8221;, dove \u00e8 stata nominata capo infermiere e assistente del direttore del servizio infermieristico. Dal novembre 2021 \u00e8 direttrice del Policlinico di Rotim.<\/p>\n<\/div><!-- .vgblk-rw-wrapper -->","protected":false},"excerpt":{"rendered":"<p>Direttrice del Policlinico Rotim <\/p>\n","protected":false},"author":4,"featured_media":995447,"comment_status":"closed","ping_status":"open","sticky":false,"template":"","format":"standard","meta":{"footnotes":""},"categories":[86,85],"tags":[],"class_list":["post-991089","post","type-post","status-publish","format-standard","has-post-thumbnail","hentry","category-amministrazione","category-il-nostro-team"],"_links":{"self":[{"href":"https:\/\/rotim.hr\/it\/wp-json\/wp\/v2\/posts\/991089","targetHints":{"allow":["GET"]}}],"collection":[{"href":"https:\/\/rotim.hr\/it\/wp-json\/wp\/v2\/posts"}],"about":[{"href":"https:\/\/rotim.hr\/it\/wp-json\/wp\/v2\/types\/post"}],"author":[{"embeddable":true,"href":"https:\/\/rotim.hr\/it\/wp-json\/wp\/v2\/users\/4"}],"replies":[{"embeddable":true,"href":"https:\/\/rotim.hr\/it\/wp-json\/wp\/v2\/comments?post=991089"}],"version-history":[{"count":1,"href":"https:\/\/rotim.hr\/it\/wp-json\/wp\/v2\/posts\/991089\/revisions"}],"predecessor-version":[{"id":993166,"href":"https:\/\/rotim.hr\/it\/wp-json\/wp\/v2\/posts\/991089\/revisions\/993166"}],"wp:featuredmedia":[{"embeddable":true,"href":"https:\/\/rotim.hr\/it\/wp-json\/wp\/v2\/media\/995447"}],"wp:attachment":[{"href":"https:\/\/rotim.hr\/it\/wp-json\/wp\/v2\/media?parent=991089"}],"wp:term":[{"taxonomy":"category","embeddable":true,"href":"https:\/\/rotim.hr\/it\/wp-json\/wp\/v2\/categories?post=991089"},{"taxonomy":"post_tag","embeddable":true,"href":"https:\/\/rotim.hr\/it\/wp-json\/wp\/v2\/tags?post=991089"}],"curies":[{"name":"wp","href":"https:\/\/api.w.org\/{rel}","templated":true}]}}