{"id":992065,"date":"2023-08-22T21:15:00","date_gmt":"2023-08-22T19:15:00","guid":{"rendered":"https:\/\/rotim.hr\/?p=992065"},"modified":"2024-03-26T11:01:27","modified_gmt":"2024-03-26T10:01:27","slug":"guenther-c-feigl-md-phd","status":"publish","type":"post","link":"https:\/\/rotim.hr\/it\/2023\/08\/22\/guenther-c-feigl-md-phd\/","title":{"rendered":"Guenther C. Feigl, MD, PhD."},"content":{"rendered":"<div class=\"vgblk-rw-wrapper limit-wrapper\">\n<p>Guenther C. Feigl (nato a Graz, Austria) \u00e8 un neurochirurgo austriaco. Feigl \u00e8 un esperto rinomato a livello internazionale nella neurochirurgia cranica e spinale minimamente invasiva. Le sue aree di competenza includono la chirurgia della base cranica, la neurooncologia e interventi per malattie degenerative complesse della colonna vertebrale, compresi interventi per la correzione della scoliosi. \u00c8 certificato dalla societ\u00e0 neurochirurgica tedesca (DGNC) per l&#8217;oncologia neurochirurgica e dalla societ\u00e0 tedesca della colonna vertebrale (DWG) con un certificato di maestro. Nell&#8217;ambito della chirurgia della base cranica, \u00e8 certificato dalla societ\u00e0 tedesca della base cranica (DGSB) e si specializza in interventi per gliomi, decompressione microvascolare minimamente invasiva assistita da endoscopia per la nevralgia del trigemino (dolore facciale), emispasmo facciale (faccette facciali involontarie), nonch\u00e9 interventi per neuromi acustici (tumori dei nervi vestibolari), tumori della ghiandola pineale e meningiomi della base cranica. La sua specializzazione comprende anche il trattamento di adenomi ipofisari, tumori del midollo spinale e metastasi, nonch\u00e9 l&#8217;area della neurochirurgia pediatrica.<\/p>\n\n\n\n<p>Formazione<br>Guenther C. Feigl ha iniziato la sua formazione medica negli Stati Uniti. Dopo aver studiato a Dallas, Houston e Graz e dopo diversi anni di ricerca sui tumori cerebrali all&#8217;Institute for Neuroscience presso il Baylor College of Medicine nel Texas Medical Center a Houston, il pi\u00f9 grande centro medico al mondo, si \u00e8 concentrato sulla sua tesi sulla radiocirurgia nel trattamento dei tumori ipofisari utilizzando il metodo del gamma-knife. Ha completato la sua formazione neurochirurgica in Germania, formandosi presso l&#8217;International Neuroscience Institute (INI) ad Hannover con il rinomato neurochirurgo Madjid Samii. Si \u00e8 formato anche con Marcos Tatagiba a Tubinga, dove ha completato la sua specializzazione in neurochirurgia. Feigl ha ottenuto il suo dottorato presso l&#8217;Universit\u00e0 Eberhard Karls di Tubinga.<\/p>\n\n\n\n<p>Carriera<br>Guenther C. Feigl ha conseguito il suo dottorato di ricerca presso l&#8217;Universit\u00e0 Eberhard Karl a Tubinga ed \u00e8 stato nominato professore associato di neurochirurgia. Come responsabile della chirurgia della base cranica presso il Katharinenhospital di Stoccarda, si \u00e8 specializzato nella neurochirurgia minimamente invasiva e nella neuroendoscopia.<\/p>\n\n\n\n<p>Attualmente \u00e8 il direttore del Dipartimento di Neurochirurgia presso il Klinikum Bamberg. Oltre alla sua posizione di direttore, Feigl \u00e8 il direttore sia del Brain Tumor Center Bamberg che del Skull Base Center Bamberg, entrambi da lui fondati. \u00c8 anche il direttore medico della clinica ambulatoriale Neuronetz Bamberg. Riconosciuto per la sua competenza nella chirurgia minimamente invasiva della base cranica e nella neurooncologia, Guenther C. Feigl \u00e8 diventato membro affiliato del programma di ricerca sulle neuroscienze presso l&#8217;Istituto di ricerca Houston Methodist Research Institute (HMRI) nel marzo 2018 e professore aggiunto di neurochirurgia presso l&#8217;Ospedale Houston Methodist (IAM) nel dicembre 2019. Nel marzo 2023 ha ricevuto un&#8217;onorificenza come professore dall&#8217;Universit\u00e0 di scienze mediche di Zagabria (ZVU).<\/p>\n\n\n\n<p>Priorit\u00e0 nel trattamento:<\/p>\n\n\n\n<p><a href=\"Behandlungsschwerpunkte:\">T<\/a><\/p>\n\n\n\n<ul class=\"wp-block-list\">\n<li>Tumori cerebrali (meningiomi, gliomi, metastasi)<\/li>\n\n\n\n<li>Cisti pineali<\/li>\n\n\n\n<li>Chirurgia della base cranica (meningiomi, neuromi acustici, nevralgia del trigemino, emispasmo facciale)<\/li>\n\n\n\n<li>Adenoma ipofisario<\/li>\n\n\n\n<li>Malattie degenerative della colonna vertebrale (ernia del disco, stenosi del canale spinale, correzione della scoliosi)<\/li>\n\n\n\n<li>Radiocirurgia<\/li>\n\n\n\n<li>Seconda opinione<\/li>\n<\/ul>\n\n\n\n<p>Links:<\/p>\n\n\n\n<p><a href=\"https:\/\/www.facebook.com\/gunther.feigl.1\">https:\/\/www.facebook.com\/gunther.feigl.1<\/a><\/p>\n\n\n\n<p><a href=\"https:\/\/www.instagram.com\/professorfeigl\/\">https:\/\/www.instagram.com\/professorfeigl\/<\/a><\/p>\n\n\n\n<p><a href=\"https:\/\/www.vumedi.com\/accounts\/cme\/\">https:\/\/www.vumedi.com\/accounts\/cme\/<\/a><\/p>\n\n\n\n<p><a href=\"http:\/\/linkedin.com\/in\/prof-dr-dr-med-g%C3%BCnther-c-feigl-695bba62\" target=\"_blank\" rel=\"noreferrer noopener\">http:\/\/linkedin.com\/in\/prof-dr-dr-med-g%C3%BCnther-c-feigl-695bba62<\/a><\/p>\n\n\n\n<p><a href=\"http:\/\/houstonmethodist.org\/faculty\/guentherc-feigl\" target=\"_blank\" rel=\"noreferrer noopener\">http:\/\/houstonmethodist.org\/faculty\/guentherc-feigl<\/a><\/p>\n\n\n\n<p><a href=\"https:\/\/www.youtube.com\/channel\/UClqFZbD7JYqCN2EcJ5Bulcg\">https:\/\/www.youtube.com\/channel\/UClqFZbD7JYqCN2EcJ5Bulcg<\/a><\/p>\n\n\n\n<p><a href=\"https:\/\/hirntumor-zentrum.de\/\">https:\/\/hirntumor-zentrum.de\/<\/a><\/p>\n<\/div><!-- .vgblk-rw-wrapper -->","protected":false},"excerpt":{"rendered":"<p>Feigl \u00e8 un esperto rinomato a livello internazionale nella neurochirurgia cranica e spinale minimamente invasiva. Le sue aree di competenza includono la chirurgia della base cranica, la neurooncologia e interventi per malattie degenerative complesse della colonna vertebrale, compresi interventi per la correzione della scoliosi.<\/p>\n","protected":false},"author":4,"featured_media":992059,"comment_status":"closed","ping_status":"open","sticky":false,"template":"","format":"standard","meta":{"footnotes":""},"categories":[85,89],"tags":[],"class_list":["post-992065","post","type-post","status-publish","format-standard","has-post-thumbnail","hentry","category-il-nostro-team","category-neurochirurgia"],"_links":{"self":[{"href":"https:\/\/rotim.hr\/it\/wp-json\/wp\/v2\/posts\/992065","targetHints":{"allow":["GET"]}}],"collection":[{"href":"https:\/\/rotim.hr\/it\/wp-json\/wp\/v2\/posts"}],"about":[{"href":"https:\/\/rotim.hr\/it\/wp-json\/wp\/v2\/types\/post"}],"author":[{"embeddable":true,"href":"https:\/\/rotim.hr\/it\/wp-json\/wp\/v2\/users\/4"}],"replies":[{"embeddable":true,"href":"https:\/\/rotim.hr\/it\/wp-json\/wp\/v2\/comments?post=992065"}],"version-history":[{"count":0,"href":"https:\/\/rotim.hr\/it\/wp-json\/wp\/v2\/posts\/992065\/revisions"}],"wp:featuredmedia":[{"embeddable":true,"href":"https:\/\/rotim.hr\/it\/wp-json\/wp\/v2\/media\/992059"}],"wp:attachment":[{"href":"https:\/\/rotim.hr\/it\/wp-json\/wp\/v2\/media?parent=992065"}],"wp:term":[{"taxonomy":"category","embeddable":true,"href":"https:\/\/rotim.hr\/it\/wp-json\/wp\/v2\/categories?post=992065"},{"taxonomy":"post_tag","embeddable":true,"href":"https:\/\/rotim.hr\/it\/wp-json\/wp\/v2\/tags?post=992065"}],"curies":[{"name":"wp","href":"https:\/\/api.w.org\/{rel}","templated":true}]}}