{"id":993470,"date":"2023-08-16T21:13:00","date_gmt":"2023-08-16T19:13:00","guid":{"rendered":"https:\/\/rotim.hr\/?p=993470"},"modified":"2025-09-18T11:58:50","modified_gmt":"2025-09-18T09:58:50","slug":"dott-ssa-vedrana-pecek-dottore-in-medicina-specialista-in-neurologia-e-subspecialista-in-malattie-neuromuscolari","status":"publish","type":"post","link":"https:\/\/rotim.hr\/it\/2023\/08\/16\/dott-ssa-vedrana-pecek-dottore-in-medicina-specialista-in-neurologia-e-subspecialista-in-malattie-neuromuscolari\/","title":{"rendered":"Dott.ssa Vedrana Pe\u010dek, dottore in medicina, specialista in neurologia e subspecialista in malattie neuromuscolari"},"content":{"rendered":"<div class=\"vgblk-rw-wrapper limit-wrapper\">\n<p>La Dott.ssa Vedrana Pe\u010dek \u00e8 nata nel 1972 a Vara\u017edin e vive e lavora a Parenzo dal 2004. Si \u00e8 laureata in Medicina e Chirurgia presso la Facolt\u00e0 di Medicina dell&#8217;Universit\u00e0 di Zagabria nel 1998. Ha iniziato la sua specializzazione in neurologia nel 2009 all&#8217;Ospedale Generale di Pola, completandola nel 2013 presso la Clinica Neurologica del Centro Ospedaliero Universitario di Fiume. Da allora lavora ininterrottamente come neurologa nel Reparto di Neurologia dell&#8217;Ospedale Generale di Pola, dove si dedica a un ampio spettro di condizioni neurologiche.<\/p>\n\n\n\n<p>Nello stesso anno in cui ha completato la specializzazione, si \u00e8 iscritta anche al corso di studio scientifico post-lauream in Biomedicina e Salute presso la Facolt\u00e0 di Medicina dell&#8217;Universit\u00e0 di Fiume, consolidando ulteriormente il suo impegno per un approccio scientifico e per il continuo aggiornamento professionale.<\/p>\n\n\n\n<p>Un&#8217;area di interesse particolare della Dott.ssa Pe\u010dek sono le malattie neuromuscolari. Nel corso del 2015 e 2016 ha svolto una formazione aggiuntiva in elettromioneurografia clinica presso il Centro di Riferimento per le Malattie Neuromuscolari, della Clinica Neurologica del Centro Ospedaliero Universitario di Zagabria (Rebro). Dal 2017 si prende attivamente cura dei pazienti neuromuscolari della Regione Istriana, fornendo un alto livello di diagnostica e assistenza in questo specifico segmento della neurologia. Ha superato l&#8217;esame di subspecializzazione in malattie neuromuscolari nel 2021.<\/p>\n\n\n\n<p>Oltre all&#8217;esperienza e alla ricca competenza clinica, il suo lavoro \u00e8 caratterizzato da accuratezza, alto livello di responsabilit\u00e0 professionale, collegialit\u00e0 e rispetto verso pazienti e collaboratori. \u00c8 in grado di prendere decisioni rapide e precise nelle emergenze neurologiche quotidiane, il che la rende estremamente affidabile in ambienti di team e clinici.<\/p>\n\n\n\n<p>Parla inglese e tedesco ed \u00e8 membro attivo della Camera Medica Croata, dell&#8217;Associazione Medica Croata e della Societ\u00e0 Neurologica Croata.<\/p>\n\n\n\n<p>Le aree di suo interesse professionale includono la neurologia generale, le malattie neuromuscolari, l&#8217;elettromioneurografia e le malattie rare in neurologia.<\/p>\n\n\n\n<p><\/p>\n<\/div><!-- .vgblk-rw-wrapper -->","protected":false},"excerpt":{"rendered":"<p>Le aree di suo interesse professionale includono la neurologia generale, le malattie neuromuscolari, l&#8217;elettromioneurografia e le malattie rare in neurologia.<\/p>\n","protected":false},"author":4,"featured_media":993465,"comment_status":"closed","ping_status":"open","sticky":false,"template":"","format":"standard","meta":{"footnotes":""},"categories":[85,114],"tags":[],"class_list":["post-993470","post","type-post","status-publish","format-standard","has-post-thumbnail","hentry","category-il-nostro-team","category-neurologia"],"_links":{"self":[{"href":"https:\/\/rotim.hr\/it\/wp-json\/wp\/v2\/posts\/993470","targetHints":{"allow":["GET"]}}],"collection":[{"href":"https:\/\/rotim.hr\/it\/wp-json\/wp\/v2\/posts"}],"about":[{"href":"https:\/\/rotim.hr\/it\/wp-json\/wp\/v2\/types\/post"}],"author":[{"embeddable":true,"href":"https:\/\/rotim.hr\/it\/wp-json\/wp\/v2\/users\/4"}],"replies":[{"embeddable":true,"href":"https:\/\/rotim.hr\/it\/wp-json\/wp\/v2\/comments?post=993470"}],"version-history":[{"count":1,"href":"https:\/\/rotim.hr\/it\/wp-json\/wp\/v2\/posts\/993470\/revisions"}],"predecessor-version":[{"id":993471,"href":"https:\/\/rotim.hr\/it\/wp-json\/wp\/v2\/posts\/993470\/revisions\/993471"}],"wp:featuredmedia":[{"embeddable":true,"href":"https:\/\/rotim.hr\/it\/wp-json\/wp\/v2\/media\/993465"}],"wp:attachment":[{"href":"https:\/\/rotim.hr\/it\/wp-json\/wp\/v2\/media?parent=993470"}],"wp:term":[{"taxonomy":"category","embeddable":true,"href":"https:\/\/rotim.hr\/it\/wp-json\/wp\/v2\/categories?post=993470"},{"taxonomy":"post_tag","embeddable":true,"href":"https:\/\/rotim.hr\/it\/wp-json\/wp\/v2\/tags?post=993470"}],"curies":[{"name":"wp","href":"https:\/\/api.w.org\/{rel}","templated":true}]}}